{"id":58969,"date":"2026-04-20T18:00:31","date_gmt":"2026-04-20T16:00:31","guid":{"rendered":"https:\/\/www.fnclm.com\/wordpress\/?p=58969"},"modified":"2026-04-20T18:00:32","modified_gmt":"2026-04-20T16:00:32","slug":"la-fnclm-celebra-con-exito-la-primera-jornada-del-g-e-s-de-natacion-artistica-en-toledo-e-illescas","status":"publish","type":"post","link":"https:\/\/www.fnclm.com\/wordpress\/?p=58969","title":{"rendered":"La FNCLM celebra con \u00e9xito la primera jornada del G.E.S. de Nataci\u00f3n Art\u00edstica en Toledo e Illescas"},"content":{"rendered":"<div class=\"wp-block-image\">\n<figure class=\"aligncenter size-large\"><a href=\"https:\/\/www.fnclm.com\/wordpress\/wp-content\/uploads\/GES_Toledo_Abril_2026-scaled.jpg\"><img loading=\"lazy\" decoding=\"async\" width=\"1024\" height=\"768\" src=\"https:\/\/www.fnclm.com\/wordpress\/wp-content\/uploads\/GES_Toledo_Abril_2026-1024x768.jpg\" alt=\"\" class=\"wp-image-58970\" srcset=\"https:\/\/www.fnclm.com\/wordpress\/wp-content\/uploads\/GES_Toledo_Abril_2026-1024x768.jpg 1024w, https:\/\/www.fnclm.com\/wordpress\/wp-content\/uploads\/GES_Toledo_Abril_2026-300x225.jpg 300w, https:\/\/www.fnclm.com\/wordpress\/wp-content\/uploads\/GES_Toledo_Abril_2026-768x576.jpg 768w, https:\/\/www.fnclm.com\/wordpress\/wp-content\/uploads\/GES_Toledo_Abril_2026-1536x1152.jpg 1536w, https:\/\/www.fnclm.com\/wordpress\/wp-content\/uploads\/GES_Toledo_Abril_2026-2048x1536.jpg 2048w\" sizes=\"auto, (max-width: 1024px) 100vw, 1024px\" \/><\/a><\/figure>\n<\/div>\n\n\n<p>La Federaci\u00f3n de Nataci\u00f3n de Castilla-La Mancha (FNCLM) celebr\u00f3 el pasado fin de semana la primera jornada de su Grupo Especial de Seguimiento (G.E.S.) de Nataci\u00f3n Art\u00edstica, un programa de tecnificaci\u00f3n regional para deportistas de las categor\u00edas Alev\u00edn, Infantil y J\u00fanior. En total, diecinueve nadadoras de la regi\u00f3n participaron en las sesiones celebradas en dos instalaciones distintas.<\/p>\n\n\n\n<p>El s\u00e1bado, doce deportistas de las categor\u00edas Alev\u00edn e Infantil se dieron cita en la piscina de la Facultad de Ciencias de la Actividad F\u00edsica y el Deporte de la Universidad de Castilla-La Mancha en Toledo, donde trabajaron tanto en el agua como en seco entre las 10:00 y las 13:00 horas. La sesi\u00f3n cont\u00f3 con la presencia de Jos\u00e9 Mar\u00eda Gonz\u00e1lez Rav\u00e9, presidente de la FNCLM que pudo conocer de primera mano el trabajo que se realiza con estas j\u00f3venes nadadoras. El domingo, las cinco deportistas de la categor\u00eda J\u00fanior se trasladaron al Complejo Deportivo Nuevo Toledo de Illescas para una sesi\u00f3n de cuatro horas en la que tambi\u00e9n combinaron trabajo en seco y entrenamiento acu\u00e1tico.<\/p>\n\n\n\n<p>Las entrenadoras responsables del programa fueron Cristina Gonz\u00e1lez Jim\u00e9nez, del CD Calipso CLM, junto a Oliver Mora Agudo y Ver\u00f3nica S\u00e1nchez Hern\u00e1ndez. Los entrenamientos se celebraron a puerta cerrada, sin acceso de familiares a las instalaciones.<\/p>\n\n\n\n<p>El G.E.S. naci\u00f3 con el objetivo de complementar el trabajo de los clubes y sentar las bases de un futuro Centro de Tecnificaci\u00f3n en el seno de la FNCLM. Est\u00e1 prevista una segunda jornada en junio de 2026, cuya fecha y ubicaci\u00f3n est\u00e1n pendientes de confirmaci\u00f3n.<\/p>\n\n\n\n<p>La noticia se acompa\u00f1a de v\u00eddeos de la jornada y de una entrevista radiof\u00f3nica a Cristina Gonz\u00e1lez Jim\u00e9nez, delegada de Nataci\u00f3n Art\u00edstica de la FNCLM, emitida en Radio Illescas.<\/p>\n\n\n\n<p>V\u00eddeo 1: <a href=\"https:\/\/youtube.com\/shorts\/Pzyc49uggxM\">https:\/\/youtube.com\/shorts\/Pzyc49uggxM<\/a><\/p>\n\n\n\n<p>V\u00eddeo 2: <a href=\"https:\/\/youtube.com\/shorts\/EGS3u_KrizE\">https:\/\/youtube.com\/shorts\/EGS3u_KrizE<\/a><\/p>\n\n\n\n<p>Enlace entrevista: <a href=\"https:\/\/www.ivoox.com\/balance%20convocatoria%20grupo%20especial%20seguimiento%20_sb.html?sb=balance%20convocatoria%20grupo%20especial%20seguimiento%20\">https:\/\/www.ivoox.com\/balance%20convocatoria%20grupo%20especial%20seguimiento%20_sb.html?sb=balance%20convocatoria%20grupo%20especial%20seguimiento%20<\/a><\/p>\n","protected":false},"excerpt":{"rendered":"<p>La Federaci\u00f3n de Nataci\u00f3n de Castilla-La Mancha (FNCLM) celebr\u00f3 el pasado fin de semana la primera jornada de su Grupo Especial de Seguimiento (G.E.S.) de Nataci\u00f3n Art\u00edstica, un programa de tecnificaci\u00f3n regional para deportistas de las categor\u00edas Alev\u00edn, Infantil y J\u00fanior. En total, diecinueve nadadoras de la regi\u00f3n participaron en las sesiones celebradas en dos [&hellip;]<\/p>\n","protected":false},"author":587,"featured_media":58970,"comment_status":"closed","ping_status":"open","sticky":false,"template":"","format":"standard","meta":{"_genesis_hide_title":false,"_genesis_hide_breadcrumbs":false,"_genesis_hide_singular_image":false,"_genesis_hide_footer_widgets":false,"_genesis_custom_body_class":"","_genesis_custom_post_class":"","_genesis_layout":"full-width-content","footnotes":""},"categories":[11,1],"tags":[],"class_list":{"0":"post-58969","1":"post","2":"type-post","3":"status-publish","4":"format-standard","5":"has-post-thumbnail","7":"category-artistica","8":"category-noticias","9":"entry"},"featured_image_src":"https:\/\/www.fnclm.com\/wordpress\/wp-content\/uploads\/GES_Toledo_Abril_2026-600x400.jpg","featured_image_src_square":"https:\/\/www.fnclm.com\/wordpress\/wp-content\/uploads\/GES_Toledo_Abril_2026-600x600.jpg","author_info":{"display_name":"Fernando Iniesta","author_link":"https:\/\/www.fnclm.com\/wordpress\/?author=587"},"_links":{"self":[{"href":"https:\/\/www.fnclm.com\/wordpress\/index.php?rest_route=\/wp\/v2\/posts\/58969","targetHints":{"allow":["GET"]}}],"collection":[{"href":"https:\/\/www.fnclm.com\/wordpress\/index.php?rest_route=\/wp\/v2\/posts"}],"about":[{"href":"https:\/\/www.fnclm.com\/wordpress\/index.php?rest_route=\/wp\/v2\/types\/post"}],"author":[{"embeddable":true,"href":"https:\/\/www.fnclm.com\/wordpress\/index.php?rest_route=\/wp\/v2\/users\/587"}],"replies":[{"embeddable":true,"href":"https:\/\/www.fnclm.com\/wordpress\/index.php?rest_route=%2Fwp%2Fv2%2Fcomments&post=58969"}],"version-history":[{"count":1,"href":"https:\/\/www.fnclm.com\/wordpress\/index.php?rest_route=\/wp\/v2\/posts\/58969\/revisions"}],"predecessor-version":[{"id":58971,"href":"https:\/\/www.fnclm.com\/wordpress\/index.php?rest_route=\/wp\/v2\/posts\/58969\/revisions\/58971"}],"wp:featuredmedia":[{"embeddable":true,"href":"https:\/\/www.fnclm.com\/wordpress\/index.php?rest_route=\/wp\/v2\/media\/58970"}],"wp:attachment":[{"href":"https:\/\/www.fnclm.com\/wordpress\/index.php?rest_route=%2Fwp%2Fv2%2Fmedia&parent=58969"}],"wp:term":[{"taxonomy":"category","embeddable":true,"href":"https:\/\/www.fnclm.com\/wordpress\/index.php?rest_route=%2Fwp%2Fv2%2Fcategories&post=58969"},{"taxonomy":"post_tag","embeddable":true,"href":"https:\/\/www.fnclm.com\/wordpress\/index.php?rest_route=%2Fwp%2Fv2%2Ftags&post=58969"}],"curies":[{"name":"wp","href":"https:\/\/api.w.org\/{rel}","templated":true}]}}