{"id":32731,"date":"2016-12-05T16:34:48","date_gmt":"2016-12-05T15:34:48","guid":{"rendered":"http:\/\/www.fnclm.com\/wordpress\/?p=32731"},"modified":"2016-12-05T16:34:48","modified_gmt":"2016-12-05T15:34:48","slug":"c-n-ciudad-real-y-c-n-b-s-sonseca-comandan-la-segunda-division","status":"publish","type":"post","link":"https:\/\/www.fnclm.com\/wordpress\/?p=32731","title":{"rendered":"C.N. Ciudad Real y C.N.B.S. Sonseca comandan la Segunda Divisi\u00f3n"},"content":{"rendered":"<p><a href=\"http:\/\/www.fnclm.com\/wordpress\/wp-content\/uploads\/Captura-de-pantalla-2016-12-05-a-las-15.44.20.png\"><img loading=\"lazy\" decoding=\"async\" class=\"alignleft size-medium wp-image-32732\" src=\"http:\/\/www.fnclm.com\/wordpress\/wp-content\/uploads\/Captura-de-pantalla-2016-12-05-a-las-15.44.20-300x115.png\" alt=\"captura-de-pantalla-2016-12-05-a-las-15-44-20\" width=\"300\" height=\"115\" srcset=\"https:\/\/www.fnclm.com\/wordpress\/wp-content\/uploads\/Captura-de-pantalla-2016-12-05-a-las-15.44.20-300x115.png 300w, https:\/\/www.fnclm.com\/wordpress\/wp-content\/uploads\/Captura-de-pantalla-2016-12-05-a-las-15.44.20-768x295.png 768w, https:\/\/www.fnclm.com\/wordpress\/wp-content\/uploads\/Captura-de-pantalla-2016-12-05-a-las-15.44.20-600x230.png 600w, https:\/\/www.fnclm.com\/wordpress\/wp-content\/uploads\/Captura-de-pantalla-2016-12-05-a-las-15.44.20-128x49.png 128w, https:\/\/www.fnclm.com\/wordpress\/wp-content\/uploads\/Captura-de-pantalla-2016-12-05-a-las-15.44.20-32x12.png 32w, https:\/\/www.fnclm.com\/wordpress\/wp-content\/uploads\/Captura-de-pantalla-2016-12-05-a-las-15.44.20.png 930w\" sizes=\"auto, (max-width: 300px) 100vw, 300px\" \/><\/a> <em><strong>Estos dos clubes se mantienen en puestos de ascenso a Primera Divisi\u00f3n<\/strong><\/em><\/p>\n<p>Jornada sin grandes cambios en cuanto a los clubes que se encuentran en zona de ascenso a Primera Divisi\u00f3n. C.N. Ciudad Real y C.N.B.S. Sonseca consiguen mantenerse en primer y segundo puesto de la clasificaci\u00f3n a cierta distancia del tercer clasificado, C.N. Daimiel. Tampoco var\u00eda la posici\u00f3n del cuarto clasificado que la mantiene el C.D. Trampol\u00edn.<\/p>\n<p>C.N. El Cisne que la primera jornada ocupaba la \u00faltima posici\u00f3n asciende en esta segunda jornada hasta la quinta posici\u00f3n. C.N. Alc\u00e1zar pasa a ser sexto mientras que ahora es pen\u00faltimo C.N. Valdepe\u00f1as con 676,5 puntos y C.N. Azuer ocupa la octava posici\u00f3n con 644 puntos.<\/p>\n<p>Cuatro fueron las mejores marcas de edad obtenidas en esta competici\u00f3n:<\/p>\n<ul>\n<li>Pablo Valent\u00edn Olivares del C.N.B.S. Sonseca, mejor marca regional de 15 a\u00f1os en la prueba 100 espalda (59,22).<\/li>\n<\/ul>\n<p><a href=\"http:\/\/www.fnclm.com\/wordpress\/wp-content\/uploads\/pablo_valentin-1-e1480951995788.jpg\"><img loading=\"lazy\" decoding=\"async\" class=\"alignleft size-medium wp-image-32734\" src=\"http:\/\/www.fnclm.com\/wordpress\/wp-content\/uploads\/pablo_valentin-1-e1480951995788-225x300.jpg\" alt=\"pablo_valentin\" width=\"225\" height=\"300\" srcset=\"https:\/\/www.fnclm.com\/wordpress\/wp-content\/uploads\/pablo_valentin-1-e1480951995788-225x300.jpg 225w, https:\/\/www.fnclm.com\/wordpress\/wp-content\/uploads\/pablo_valentin-1-e1480951995788-768x1024.jpg 768w, https:\/\/www.fnclm.com\/wordpress\/wp-content\/uploads\/pablo_valentin-1-e1480951995788-600x800.jpg 600w, https:\/\/www.fnclm.com\/wordpress\/wp-content\/uploads\/pablo_valentin-1-e1480951995788-96x128.jpg 96w, https:\/\/www.fnclm.com\/wordpress\/wp-content\/uploads\/pablo_valentin-1-e1480951995788-24x32.jpg 24w, https:\/\/www.fnclm.com\/wordpress\/wp-content\/uploads\/pablo_valentin-1-e1480951995788.jpg 1224w\" sizes=\"auto, (max-width: 225px) 100vw, 225px\" \/><\/a><\/p>\n<p>&nbsp;<\/p>\n<p>&nbsp;<\/p>\n<p>&nbsp;<\/p>\n<p>&nbsp;<\/p>\n<p>&nbsp;<\/p>\n<p>&nbsp;<\/p>\n<p>&nbsp;<\/p>\n<p>&nbsp;<\/p>\n<ul>\n<li>Aitor Machuca del C.N. El Cisne, mejor marca regional del 13 a\u00f1os en la prueba 50 metros libre (25,43). Adem\u00e1s en la prueba 100 mariposa realiz\u00f3 el r\u00e9cord de Espa\u00f1a con una marca de 58,97 mejorando l\u00f3gicamente la mejor marca regional de 13 a\u00f1os (ver noticia ampliada), haciendo tambi\u00e9n la mejor marca regional de 13 a\u00f1os en 50 mariposa (27,30).<\/li>\n<\/ul>\n<p><a href=\"http:\/\/www.fnclm.com\/wordpress\/wp-content\/uploads\/aitor-e1480952053439.jpg\"><img loading=\"lazy\" decoding=\"async\" class=\"alignleft size-medium wp-image-32735\" src=\"http:\/\/www.fnclm.com\/wordpress\/wp-content\/uploads\/aitor-e1480952053439-225x300.jpg\" alt=\"aitor\" width=\"225\" height=\"300\" srcset=\"https:\/\/www.fnclm.com\/wordpress\/wp-content\/uploads\/aitor-e1480952053439-225x300.jpg 225w, https:\/\/www.fnclm.com\/wordpress\/wp-content\/uploads\/aitor-e1480952053439-768x1024.jpg 768w, https:\/\/www.fnclm.com\/wordpress\/wp-content\/uploads\/aitor-e1480952053439-600x800.jpg 600w, https:\/\/www.fnclm.com\/wordpress\/wp-content\/uploads\/aitor-e1480952053439-96x128.jpg 96w, https:\/\/www.fnclm.com\/wordpress\/wp-content\/uploads\/aitor-e1480952053439-24x32.jpg 24w, https:\/\/www.fnclm.com\/wordpress\/wp-content\/uploads\/aitor-e1480952053439.jpg 1224w\" sizes=\"auto, (max-width: 225px) 100vw, 225px\" \/><\/a><\/p>\n","protected":false},"excerpt":{"rendered":"<p>Estos dos clubes se mantienen en puestos de ascenso a Primera Divisi\u00f3n Jornada sin grandes cambios en cuanto a los clubes que se encuentran en zona de ascenso a Primera Divisi\u00f3n. C.N. Ciudad Real y C.N.B.S. Sonseca consiguen mantenerse en primer y segundo puesto de la clasificaci\u00f3n a cierta distancia del tercer clasificado, C.N. Daimiel. [&hellip;]<\/p>\n","protected":false},"author":587,"featured_media":32732,"comment_status":"open","ping_status":"open","sticky":false,"template":"","format":"standard","meta":{"_genesis_hide_title":false,"_genesis_hide_breadcrumbs":false,"_genesis_hide_singular_image":false,"_genesis_hide_footer_widgets":false,"_genesis_custom_body_class":"","_genesis_custom_post_class":"","_genesis_layout":"","footnotes":""},"categories":[9,1],"tags":[],"class_list":{"0":"post-32731","1":"post","2":"type-post","3":"status-publish","4":"format-standard","5":"has-post-thumbnail","7":"category-natacion","8":"category-noticias","9":"entry"},"featured_image_src":"https:\/\/www.fnclm.com\/wordpress\/wp-content\/uploads\/Captura-de-pantalla-2016-12-05-a-las-15.44.20-600x357.png","featured_image_src_square":"https:\/\/www.fnclm.com\/wordpress\/wp-content\/uploads\/Captura-de-pantalla-2016-12-05-a-las-15.44.20-600x357.png","author_info":{"display_name":"Fernando Iniesta","author_link":"https:\/\/www.fnclm.com\/wordpress\/?author=587"},"_links":{"self":[{"href":"https:\/\/www.fnclm.com\/wordpress\/index.php?rest_route=\/wp\/v2\/posts\/32731","targetHints":{"allow":["GET"]}}],"collection":[{"href":"https:\/\/www.fnclm.com\/wordpress\/index.php?rest_route=\/wp\/v2\/posts"}],"about":[{"href":"https:\/\/www.fnclm.com\/wordpress\/index.php?rest_route=\/wp\/v2\/types\/post"}],"author":[{"embeddable":true,"href":"https:\/\/www.fnclm.com\/wordpress\/index.php?rest_route=\/wp\/v2\/users\/587"}],"replies":[{"embeddable":true,"href":"https:\/\/www.fnclm.com\/wordpress\/index.php?rest_route=%2Fwp%2Fv2%2Fcomments&post=32731"}],"version-history":[{"count":2,"href":"https:\/\/www.fnclm.com\/wordpress\/index.php?rest_route=\/wp\/v2\/posts\/32731\/revisions"}],"predecessor-version":[{"id":32736,"href":"https:\/\/www.fnclm.com\/wordpress\/index.php?rest_route=\/wp\/v2\/posts\/32731\/revisions\/32736"}],"wp:featuredmedia":[{"embeddable":true,"href":"https:\/\/www.fnclm.com\/wordpress\/index.php?rest_route=\/wp\/v2\/media\/32732"}],"wp:attachment":[{"href":"https:\/\/www.fnclm.com\/wordpress\/index.php?rest_route=%2Fwp%2Fv2%2Fmedia&parent=32731"}],"wp:term":[{"taxonomy":"category","embeddable":true,"href":"https:\/\/www.fnclm.com\/wordpress\/index.php?rest_route=%2Fwp%2Fv2%2Fcategories&post=32731"},{"taxonomy":"post_tag","embeddable":true,"href":"https:\/\/www.fnclm.com\/wordpress\/index.php?rest_route=%2Fwp%2Fv2%2Ftags&post=32731"}],"curies":[{"name":"wp","href":"https:\/\/api.w.org\/{rel}","templated":true}]}}