{"id":32606,"date":"2016-11-14T20:34:17","date_gmt":"2016-11-14T19:34:17","guid":{"rendered":"http:\/\/www.fnclm.com\/wordpress\/?p=32606"},"modified":"2016-11-14T20:35:20","modified_gmt":"2016-11-14T19:35:20","slug":"c-n-ciudad-real-lider-provisional-de-segunda-division","status":"publish","type":"post","link":"https:\/\/www.fnclm.com\/wordpress\/?p=32606","title":{"rendered":"C.N. Ciudad Real, lider provisional de Segunda Divisi\u00f3n"},"content":{"rendered":"<p><a href=\"http:\/\/www.fnclm.com\/wordpress\/wp-content\/uploads\/clasificacion_segunda_div_J1.png\"><img loading=\"lazy\" decoding=\"async\" class=\"alignleft size-medium wp-image-32607\" src=\"http:\/\/www.fnclm.com\/wordpress\/wp-content\/uploads\/clasificacion_segunda_div_J1-300x124.png\" alt=\"clasificacion_segunda_div_j1\" width=\"300\" height=\"124\" srcset=\"https:\/\/www.fnclm.com\/wordpress\/wp-content\/uploads\/clasificacion_segunda_div_J1-300x124.png 300w, https:\/\/www.fnclm.com\/wordpress\/wp-content\/uploads\/clasificacion_segunda_div_J1-768x317.png 768w, https:\/\/www.fnclm.com\/wordpress\/wp-content\/uploads\/clasificacion_segunda_div_J1-600x247.png 600w, https:\/\/www.fnclm.com\/wordpress\/wp-content\/uploads\/clasificacion_segunda_div_J1-287x120.png 287w, https:\/\/www.fnclm.com\/wordpress\/wp-content\/uploads\/clasificacion_segunda_div_J1-128x53.png 128w, https:\/\/www.fnclm.com\/wordpress\/wp-content\/uploads\/clasificacion_segunda_div_J1-32x13.png 32w, https:\/\/www.fnclm.com\/wordpress\/wp-content\/uploads\/clasificacion_segunda_div_J1.png 968w\" sizes=\"auto, (max-width: 300px) 100vw, 300px\" \/><\/a> <em><strong>Le sigue muy de cerca C.N. Sonseca a tan solo diez puntos<\/strong><\/em><\/p>\n<p style=\"text-align: justify;\">El pasado s\u00e1bado 12 de noviembre a las 16:30 horas daba comienzo en la Piscina Cubierta de Tomelloso la primera jornada de la Liga Territorial de Clubes de Segunda y Tercera Divisi\u00f3n.<\/p>\n<p style=\"text-align: justify;\">Una segunda divisi\u00f3n en la que el C.N. Ciudad Real logr\u00f3 sumar 539 puntos que le sirven para liderar provisionalmente la segunda divisi\u00f3n. A tan solo 10 puntos se sigue el C.N. Sonseca, segundo clasificado y tambi\u00e9n en posici\u00f3n de ascenso.<\/p>\n<p style=\"text-align: justify;\">C.N. Daimiel, tercer clasificado con 463 puntos, C.D. Trampol\u00edn, cuarto clasificado con 440 puntos, y C.N. Alc\u00e1zar, quinto clasificado con 385 puntos se sit\u00faan en la zona media de la tabla.<\/p>\n<p style=\"text-align: justify;\">C.N. Azuer con 331 puntos queda sexto clasificado pero seguido muy de cerca por C.N. Valdepe\u00f1as que con 329,5 puntos queda ya en zona de descenso junto con C.N. El Cisne que cierra la clasificaci\u00f3n con 323,5 puntos.<\/p>\n<p style=\"text-align: justify;\">A lo largo de la competici\u00f3n se mejoraron dos mejores marcas por parte de los nadadores:<\/p>\n<ul>\n<li style=\"text-align: justify;\">Jhonatan de la Morena S\u00e1nchez-Camacho, del C.N. Daimiel, mejor marca regional en la edad de 13 a\u00f1os en la prueba 1500 metros libre (17:53.76).<\/li>\n<\/ul>\n<p><a href=\"http:\/\/www.fnclm.com\/wordpress\/wp-content\/uploads\/jhonatan-de-la-morana.jpg\"><img loading=\"lazy\" decoding=\"async\" class=\"alignleft wp-image-32608 \" src=\"http:\/\/www.fnclm.com\/wordpress\/wp-content\/uploads\/jhonatan-de-la-morana-e1479151834364-768x1024.jpg\" alt=\"jhonatan-de-la-morana\" width=\"465\" height=\"620\" srcset=\"https:\/\/www.fnclm.com\/wordpress\/wp-content\/uploads\/jhonatan-de-la-morana-e1479151834364-768x1024.jpg 768w, https:\/\/www.fnclm.com\/wordpress\/wp-content\/uploads\/jhonatan-de-la-morana-e1479151834364-225x300.jpg 225w, https:\/\/www.fnclm.com\/wordpress\/wp-content\/uploads\/jhonatan-de-la-morana-e1479151834364-600x800.jpg 600w, https:\/\/www.fnclm.com\/wordpress\/wp-content\/uploads\/jhonatan-de-la-morana-e1479151834364-96x128.jpg 96w, https:\/\/www.fnclm.com\/wordpress\/wp-content\/uploads\/jhonatan-de-la-morana-e1479151834364-24x32.jpg 24w, https:\/\/www.fnclm.com\/wordpress\/wp-content\/uploads\/jhonatan-de-la-morana-e1479151834364.jpg 1224w\" sizes=\"auto, (max-width: 465px) 100vw, 465px\" \/><\/a><\/p>\n<p>&nbsp;<\/p>\n<p>&nbsp;<\/p>\n<p>&nbsp;<\/p>\n<p>&nbsp;<\/p>\n<p>&nbsp;<\/p>\n<p>&nbsp;<\/p>\n<p>&nbsp;<\/p>\n<p>&nbsp;<\/p>\n<p>&nbsp;<\/p>\n<p>&nbsp;<\/p>\n<p>&nbsp;<\/p>\n<p>&nbsp;<\/p>\n<p>&nbsp;<\/p>\n<p>&nbsp;<\/p>\n<p>&nbsp;<\/p>\n<p>&nbsp;<\/p>\n<p>&nbsp;<\/p>\n<p>&nbsp;<\/p>\n<ul>\n<li>Aitor Machuca-P\u00e9rez Higueras, del C.N. El Cisne, mejor marca regional en la edad de 13 a\u00f1os en la prueba 50 mariposa (27,97).<\/li>\n<\/ul>\n<p><a href=\"http:\/\/www.fnclm.com\/wordpress\/wp-content\/uploads\/aitor_machuca_liga_territorial.jpg\"><img loading=\"lazy\" decoding=\"async\" class=\"alignleft wp-image-32609 \" src=\"http:\/\/www.fnclm.com\/wordpress\/wp-content\/uploads\/aitor_machuca_liga_territorial-e1479151974109-768x1024.jpg\" alt=\"aitor_machuca_liga_territorial\" width=\"470\" height=\"626\" srcset=\"https:\/\/www.fnclm.com\/wordpress\/wp-content\/uploads\/aitor_machuca_liga_territorial-e1479151974109-768x1024.jpg 768w, https:\/\/www.fnclm.com\/wordpress\/wp-content\/uploads\/aitor_machuca_liga_territorial-e1479151974109-225x300.jpg 225w, https:\/\/www.fnclm.com\/wordpress\/wp-content\/uploads\/aitor_machuca_liga_territorial-e1479151974109-600x800.jpg 600w, https:\/\/www.fnclm.com\/wordpress\/wp-content\/uploads\/aitor_machuca_liga_territorial-e1479151974109-96x128.jpg 96w, https:\/\/www.fnclm.com\/wordpress\/wp-content\/uploads\/aitor_machuca_liga_territorial-e1479151974109-24x32.jpg 24w, https:\/\/www.fnclm.com\/wordpress\/wp-content\/uploads\/aitor_machuca_liga_territorial-e1479151974109.jpg 1224w\" sizes=\"auto, (max-width: 470px) 100vw, 470px\" \/><\/a><\/p>\n","protected":false},"excerpt":{"rendered":"<p>Le sigue muy de cerca C.N. Sonseca a tan solo diez puntos El pasado s\u00e1bado 12 de noviembre a las 16:30 horas daba comienzo en la Piscina Cubierta de Tomelloso la primera jornada de la Liga Territorial de Clubes de Segunda y Tercera Divisi\u00f3n. Una segunda divisi\u00f3n en la que el C.N. Ciudad Real logr\u00f3 [&hellip;]<\/p>\n","protected":false},"author":587,"featured_media":32607,"comment_status":"open","ping_status":"open","sticky":false,"template":"","format":"standard","meta":{"_genesis_hide_title":false,"_genesis_hide_breadcrumbs":false,"_genesis_hide_singular_image":false,"_genesis_hide_footer_widgets":false,"_genesis_custom_body_class":"","_genesis_custom_post_class":"","_genesis_layout":"","footnotes":""},"categories":[9,1],"tags":[],"class_list":{"0":"post-32606","1":"post","2":"type-post","3":"status-publish","4":"format-standard","5":"has-post-thumbnail","7":"category-natacion","8":"category-noticias","9":"entry"},"featured_image_src":"https:\/\/www.fnclm.com\/wordpress\/wp-content\/uploads\/clasificacion_segunda_div_J1-600x399.png","featured_image_src_square":"https:\/\/www.fnclm.com\/wordpress\/wp-content\/uploads\/clasificacion_segunda_div_J1-600x399.png","author_info":{"display_name":"Fernando Iniesta","author_link":"https:\/\/www.fnclm.com\/wordpress\/?author=587"},"_links":{"self":[{"href":"https:\/\/www.fnclm.com\/wordpress\/index.php?rest_route=\/wp\/v2\/posts\/32606","targetHints":{"allow":["GET"]}}],"collection":[{"href":"https:\/\/www.fnclm.com\/wordpress\/index.php?rest_route=\/wp\/v2\/posts"}],"about":[{"href":"https:\/\/www.fnclm.com\/wordpress\/index.php?rest_route=\/wp\/v2\/types\/post"}],"author":[{"embeddable":true,"href":"https:\/\/www.fnclm.com\/wordpress\/index.php?rest_route=\/wp\/v2\/users\/587"}],"replies":[{"embeddable":true,"href":"https:\/\/www.fnclm.com\/wordpress\/index.php?rest_route=%2Fwp%2Fv2%2Fcomments&post=32606"}],"version-history":[{"count":2,"href":"https:\/\/www.fnclm.com\/wordpress\/index.php?rest_route=\/wp\/v2\/posts\/32606\/revisions"}],"predecessor-version":[{"id":32611,"href":"https:\/\/www.fnclm.com\/wordpress\/index.php?rest_route=\/wp\/v2\/posts\/32606\/revisions\/32611"}],"wp:featuredmedia":[{"embeddable":true,"href":"https:\/\/www.fnclm.com\/wordpress\/index.php?rest_route=\/wp\/v2\/media\/32607"}],"wp:attachment":[{"href":"https:\/\/www.fnclm.com\/wordpress\/index.php?rest_route=%2Fwp%2Fv2%2Fmedia&parent=32606"}],"wp:term":[{"taxonomy":"category","embeddable":true,"href":"https:\/\/www.fnclm.com\/wordpress\/index.php?rest_route=%2Fwp%2Fv2%2Fcategories&post=32606"},{"taxonomy":"post_tag","embeddable":true,"href":"https:\/\/www.fnclm.com\/wordpress\/index.php?rest_route=%2Fwp%2Fv2%2Ftags&post=32606"}],"curies":[{"name":"wp","href":"https:\/\/api.w.org\/{rel}","templated":true}]}}